{"id":883,"date":"2026-01-24T17:23:54","date_gmt":"2026-01-24T17:23:54","guid":{"rendered":"https:\/\/pensandopoliticaspublicas.com.ar\/?p=883"},"modified":"2026-01-30T19:36:01","modified_gmt":"2026-01-30T19:36:01","slug":"work-in-proyecto-de-inclusion-laboral","status":"publish","type":"post","link":"https:\/\/pensandopoliticaspublicas.com.ar\/index.php\/2026\/01\/24\/work-in-proyecto-de-inclusion-laboral\/","title":{"rendered":"Work IN, proyecto de inclusi\u00f3n laboral"},"content":{"rendered":"<p>[et_pb_section fb_built=\u00bb1&#8243; custom_padding_last_edited=\u00bbon|desktop\u00bb admin_label=\u00bbHeader\u00bb _builder_version=\u00bb4.27.4&#8243; _module_preset=\u00bbdefault\u00bb background_color=\u00bb#ccc3b5&#8243; background_image=\u00bbhttps:\/\/pensandopoliticaspublicas.com.ar\/wp-content\/uploads\/2026\/01\/10-15_discovering-career-paths-with-a-disability.png\u00bb background_blend=\u00bbmultiply\u00bb width=\u00bb100%\u00bb module_alignment=\u00bbcenter\u00bb min_height=\u00bb1000px\u00bb height=\u00bb1000px\u00bb max_height=\u00bb1000px\u00bb custom_padding=\u00bb41vw||10px||false|false\u00bb custom_padding_tablet=\u00bb60px||||false|false\u00bb custom_padding_phone=\u00bb60px||||false|false\u00bb background_last_edited=\u00bbon|phone\u00bb collapsed=\u00bbon\u00bb global_colors_info=\u00bb{}\u00bb][et_pb_row _builder_version=\u00bb4.27.4&#8243; _module_preset=\u00bbdefault\u00bb positioning=\u00bbabsolute\u00bb position_origin_a=\u00bbbottom_left\u00bb z_index=\u00bb0&#8243; width=\u00bb100%\u00bb max_width=\u00bbnone\u00bb min_height=\u00bb500px\u00bb height=\u00bb1000px\u00bb max_height=\u00bb1000px\u00bb custom_margin=\u00bb0px||||false|false\u00bb custom_padding=\u00bb300px||0px||false|false\u00bb global_colors_info=\u00bb{}\u00bb][et_pb_column type=\u00bb4_4&#8243; _builder_version=\u00bb4.21.0&#8243; _module_preset=\u00bbdefault\u00bb global_colors_info=\u00bb{}\u00bb][et_pb_image src=\u00bbhttps:\/\/pensandopoliticaspublicas.com.ar\/wp-content\/uploads\/2026\/01\/logos-work-in-03.png\u00bb title_text=\u00bblogos work in-03&#8243; align=\u00bbcenter\u00bb _builder_version=\u00bb4.27.4&#8243; _module_preset=\u00bbdefault\u00bb width=\u00bb50%\u00bb max_width=\u00bb60%\u00bb global_colors_info=\u00bb{}\u00bb][\/et_pb_image][et_pb_text _builder_version=\u00bb4.27.4&#8243; _module_preset=\u00bbdefault\u00bb text_font=\u00bbMontserrat|900|||||||\u00bb text_text_color=\u00bb#FFFFFF\u00bb text_font_size=\u00bb76px\u00bb text_line_height=\u00bb1em\u00bb text_orientation=\u00bbcenter\u00bb global_colors_info=\u00bb{}\u00bb]<\/p>\n<p>todos tenemos derecho a trabajar<\/p>\n<p>[\/et_pb_text][et_pb_text _builder_version=\u00bb4.27.4&#8243; _module_preset=\u00bbf05f74f5-4f3d-42bf-87fe-8b6cec90f268&#8243; text_font=\u00bbMontserrat|700|||||||\u00bb text_text_color=\u00bb#FFFFFF\u00bb text_font_size=\u00bb28px\u00bb text_line_height=\u00bb1.8em\u00bb header_font=\u00bbMontserrat|800|||||||\u00bb header_text_align=\u00bbcenter\u00bb header_2_text_color=\u00bbgcid-4a53c4f2-10a4-4df5-aae5-66892dee9e02&#8243; text_orientation=\u00bbcenter\u00bb locked=\u00bboff\u00bb global_colors_info=\u00bb{%22gcid-4a53c4f2-10a4-4df5-aae5-66892dee9e02%22:%91%22header_2_text_color%22%93}\u00bb]<\/p>\n<p>PROGRAMA PILOTO DE INCLUSI\u00d3N LABORAL PARA ADULTOS CON DISCAPACIDAD<\/p>\n<p>[\/et_pb_text][et_pb_text _builder_version=\u00bb4.27.4&#8243; _module_preset=\u00bbdefault\u00bb text_text_color=\u00bb#FFFFFF\u00bb background_layout=\u00bbdark\u00bb custom_margin=\u00bb|500px||500px|false|false\u00bb custom_padding=\u00bb10px|10px|10px|10px|false|false\u00bb background_color=\u00bb#0C71C3&#8243; border_radii=\u00bbon|18px|18px|18px|18px\u00bb link_option_url=\u00bbhttps:\/\/wa.me\/+5491136571380&#8243; hover_enabled=\u00bb0&#8243; sticky_enabled=\u00bb0&#8243;]<\/p>\n<p style=\"text-align: center;\">COMUNICATE CON NOSOTROS PARA M\u00c1S INFO AQU\u00cd<\/p>\n<p>[\/et_pb_text][\/et_pb_column][\/et_pb_row][\/et_pb_section][et_pb_section fb_built=\u00bb1&#8243; admin_label=\u00bbServices\u00bb _builder_version=\u00bb4.27.4&#8243; _module_preset=\u00bbdefault\u00bb background_enable_image=\u00bboff\u00bb background_size=\u00bbinitial\u00bb background_position=\u00bbtop_center\u00bb background_vertical_offset=\u00bb0%\u00bb background_blend=\u00bbmultiply\u00bb collapsed=\u00bbon\u00bb global_colors_info=\u00bb{}\u00bb][et_pb_row _builder_version=\u00bb4.21.0&#8243; _module_preset=\u00bbdefault\u00bb max_width=\u00bb700px\u00bb global_colors_info=\u00bb{}\u00bb][et_pb_column type=\u00bb4_4&#8243; _builder_version=\u00bb4.21.0&#8243; _module_preset=\u00bbdefault\u00bb global_colors_info=\u00bb{}\u00bb][et_pb_text _builder_version=\u00bb4.27.4&#8243; _module_preset=\u00bbdefault\u00bb text_font=\u00bbMontserrat||||||||\u00bb text_font_size=\u00bb21px\u00bb text_line_height=\u00bb1.8em\u00bb global_colors_info=\u00bb{}\u00bb]<\/p>\n<p style=\"text-align: center;\"><strong>DIFUSI\u00d3N \u00a0+ CONCIENTIZACI\u00d3N + ACCI\u00d3N<\/strong><br \/>PARA LOGRAR MAYOR ACCESO AL EMPLEO DE LOS ADULTOS CON CUALQUIER TIPO DE DISCAPACIDAD<\/p>\n<p>[\/et_pb_text][\/et_pb_column][\/et_pb_row][et_pb_row _builder_version=\u00bb4.27.4&#8243; _module_preset=\u00bbdefault\u00bb global_colors_info=\u00bb{}\u00bb][et_pb_column type=\u00bb4_4&#8243; _builder_version=\u00bb4.27.4&#8243; _module_preset=\u00bbdefault\u00bb global_colors_info=\u00bb{}\u00bb][et_pb_text _builder_version=\u00bb4.27.4&#8243; _module_preset=\u00bbdefault\u00bb text_font_size=\u00bb17px\u00bb text_line_height=\u00bb1.8em\u00bb header_2_font=\u00bbMontserrat||||||||\u00bb header_2_text_color=\u00bb#0da8e0&#8243; header_2_font_size=\u00bb30px\u00bb custom_margin=\u00bb|||0px|false|false\u00bb custom_padding=\u00bb|||0px|false|false\u00bb global_colors_info=\u00bb{}\u00bb]<\/p>\n<h2 style=\"text-align: center;\"><strong>OBJETIVOS DE DESARROLLO SOSTENIBLE<\/strong><\/h2>\n<p style=\"text-align: center;\">Buscamos alinear este programa dentro de los Objetivos 2030 de la Organizaci\u00f3n de las Naciones Unidas para el Desarrollo Sostenible.<\/p>\n<ul>\n<li style=\"font-weight: 400;\">ODS 8: Trabajo decente y crecimiento econ\u00f3mico, promoviendo empleo pleno y productivo para todas las personas.<\/li>\n<li style=\"font-weight: 400;\">ODS 10: Reducci\u00f3n de las desigualdades, garantizando igualdad de oportunidades.<\/li>\n<li style=\"font-weight: 400;\">ODS 17: Alianzas para lograr los objetivos, a trav\u00e9s del trabajo conjunto entre organizaciones sociales y el sector privado.<\/li>\n<\/ul>\n<p>[\/et_pb_text][\/et_pb_column][\/et_pb_row][et_pb_row column_structure=\u00bb1_3,1_3,1_3&#8243; _builder_version=\u00bb4.27.4&#8243; _module_preset=\u00bbdefault\u00bb custom_margin=\u00bb||0px||false|false\u00bb custom_padding=\u00bb||0px||false|false\u00bb saved_tabs=\u00bball\u00bb global_colors_info=\u00bb{}\u00bb][et_pb_column type=\u00bb1_3&#8243; _builder_version=\u00bb4.21.0&#8243; _module_preset=\u00bbdefault\u00bb global_colors_info=\u00bb{}\u00bb][et_pb_image src=\u00bbhttps:\/\/pensandopoliticaspublicas.com.ar\/wp-content\/uploads\/2026\/01\/tres-fotos-02.jpg\u00bb title_text=\u00bbtres fotos -02&#8243; _builder_version=\u00bb4.27.4&#8243; _module_preset=\u00bbdefault\u00bb global_colors_info=\u00bb{}\u00bb][\/et_pb_image][et_pb_text _builder_version=\u00bb4.27.4&#8243; _module_preset=\u00bb1f045898-6599-4683-8f08-2317e3547c5a\u00bb header_5_text_color=\u00bbgcid-a2350b10-418b-42fb-a64f-595e76ef52f3&#8243; custom_margin=\u00bb||0px||false|false\u00bb global_colors_info=\u00bb{%22gcid-a2350b10-418b-42fb-a64f-595e76ef52f3%22:%91%22header_5_text_color%22%93}\u00bb]<\/p>\n<h5>FUNDAMENTOS<\/h5>\n<p>[\/et_pb_text][et_pb_text _builder_version=\u00bb4.27.4&#8243; _module_preset=\u00bbcbce5ba1-648c-4d28-90b4-f86870293c65&#8243; global_colors_info=\u00bb{}\u00bb]<\/p>\n<p style=\"font-weight: 400;\"><span style=\"color: #3366ff;\"><strong>EL TRABAJO ES UNA HERRAMIENTA DE INCLUSI\u00d3N Y PARTICIPACI\u00d3N SOCIAL<\/strong><\/span><\/p>\n<p>Muchas personas adultas con discapacidad desean trabajar y cuentan con capacidades para hacerlo, pero se enfrentan a obst\u00e1culos que no responden a limitaciones individuales, sino a barreras culturales, organizacionales y sociales.<\/p>\n<p style=\"font-weight: 400;\">Este programa nace para transformar ese diagn\u00f3stico en una experiencia concreta de inclusi\u00f3n laboral real, acompa\u00f1ada y sostenida en el tiempo.<\/p>\n<p>[\/et_pb_text][\/et_pb_column][et_pb_column type=\u00bb1_3&#8243; _builder_version=\u00bb4.21.0&#8243; _module_preset=\u00bbdefault\u00bb global_colors_info=\u00bb{}\u00bb][et_pb_image src=\u00bbhttps:\/\/pensandopoliticaspublicas.com.ar\/wp-content\/uploads\/2026\/01\/tres-fotos-03.jpg\u00bb title_text=\u00bbtres fotos -03&#8243; _builder_version=\u00bb4.27.4&#8243; _module_preset=\u00bbdefault\u00bb global_colors_info=\u00bb{}\u00bb][\/et_pb_image][et_pb_text _builder_version=\u00bb4.27.4&#8243; _module_preset=\u00bb1f045898-6599-4683-8f08-2317e3547c5a\u00bb header_5_text_color=\u00bbgcid-a2350b10-418b-42fb-a64f-595e76ef52f3&#8243; custom_margin=\u00bb||0px||false|false\u00bb global_colors_info=\u00bb{%22gcid-a2350b10-418b-42fb-a64f-595e76ef52f3%22:%91%22header_5_text_color%22%93}\u00bb]<\/p>\n<h5>OBJETIVOS<\/h5>\n<p>[\/et_pb_text][et_pb_text _builder_version=\u00bb4.27.4&#8243; _module_preset=\u00bbcbce5ba1-648c-4d28-90b4-f86870293c65&#8243; global_colors_info=\u00bb{}\u00bb]<\/p>\n<p style=\"font-weight: 400;\"><strong><span style=\"color: #3366ff;\">FACILITAR LA INCORPORACI\u00d3N LABORAL DE ADULTOS CON DISCAPACIDAD EN EL SECTOR PRIVADO, DESDE UNA PERSPECTIVA DE DERECHOS.<\/span><\/strong><\/p>\n<p style=\"font-weight: 400;\">Abordamos la problem\u00e1tica de la discapacidad en los adultos, desde la visi\u00f3n \u00a0de inclusi\u00f3n laboral, no solo como medio de vida, si no como un item fundamental en la autonom\u00eda e integraci\u00f3n social de cada individuo.<\/p>\n<p style=\"font-weight: 400;\">Para ello, tomamos ejemplos conccretos de inclusi\u00f3n laboral que se han desarrollado con \u00e9xito en el radio de acci\u00f3n establecido, y buscamos volcar esas experiencias en un programa que brinde oportunidades reales en el sector privado.<\/p>\n<p style=\"font-weight: 400;\"><strong>La meta del piloto es lograr que al menos 10 personas en la zona de influencia del programa logren una oportunidad de trabajo real y efectiva.\u00a0<\/strong><\/p>\n<p>[\/et_pb_text][\/et_pb_column][et_pb_column type=\u00bb1_3&#8243; _builder_version=\u00bb4.21.0&#8243; _module_preset=\u00bbdefault\u00bb global_colors_info=\u00bb{}\u00bb][et_pb_image src=\u00bbhttps:\/\/pensandopoliticaspublicas.com.ar\/wp-content\/uploads\/2026\/01\/tres-fotos-01.jpg\u00bb title_text=\u00bbtres fotos -01&#8243; _builder_version=\u00bb4.27.4&#8243; _module_preset=\u00bbdefault\u00bb global_colors_info=\u00bb{}\u00bb][\/et_pb_image][et_pb_text _builder_version=\u00bb4.27.4&#8243; _module_preset=\u00bb1f045898-6599-4683-8f08-2317e3547c5a\u00bb header_5_text_color=\u00bbgcid-a2350b10-418b-42fb-a64f-595e76ef52f3&#8243; custom_margin=\u00bb||0px||false|false\u00bb global_colors_info=\u00bb{%22gcid-a2350b10-418b-42fb-a64f-595e76ef52f3%22:%91%22header_5_text_color%22%93}\u00bb]<\/p>\n<h5>METODOLOG\u00cdA<\/h5>\n<p>[\/et_pb_text][et_pb_text _builder_version=\u00bb4.27.4&#8243; _module_preset=\u00bbcbce5ba1-648c-4d28-90b4-f86870293c65&#8243; global_colors_info=\u00bb{}\u00bb]<\/p>\n<p style=\"font-weight: 400;\"><span style=\"color: #3366ff;\"><strong>EL PROGRAMA SE DIVIDE EN CUATRO ETAPAS:<\/strong><\/span><\/p>\n<ul>\n<li style=\"font-weight: 400;\"><strong>1 Concientizaci\u00f3n y difusi\u00f3n<br \/><\/strong>Etapa inicial de comunicaci\u00f3n y acciones destinadas a instalar la problem\u00e1tica en la agenda.<\/li>\n<li style=\"font-weight: 400;\"><strong>2 Creaci\u00f3n de la red de empleo<br \/><\/strong>Recabamiento y an\u00e1lisis de datos para identificar oportunidades de trabajo (puestos disponibles, horarios, <span><\/span>requisitos, etc&#8230;)<br \/>Relevamiento de talleres, centros de d\u00eda y\/o particulares que sean aspirantes de distintos puestos de trabajo <span><\/span>y evaluaci\u00f3n de condiciones.<span>\u00a0 <\/span><\/li>\n<li style=\"font-weight: 400;\"><strong>3 Selecci\u00f3n<br \/><\/strong>Selecci\u00f3n acompa\u00f1ada de recursos humanos, priorizando la adecuaci\u00f3n real al puesto y\u00a0acompa\u00f1amiento durante la incorporaci\u00f3n.<\/li>\n<li style=\"font-weight: 400;\"><strong>4 Seguimiento<br \/><\/strong>Apoyo necesiario para ayudar al empleo sostenido\u00a0en el tiempo.<\/li>\n<\/ul>\n<p>[\/et_pb_text][\/et_pb_column][\/et_pb_row][\/et_pb_section][et_pb_section fb_built=\u00bb1&#8243; admin_label=\u00bbFeatures\u00bb _builder_version=\u00bb4.21.0&#8243; _module_preset=\u00bbdefault\u00bb background_color=\u00bbgcid-e787f6e4-87be-4325-83ae-4380ef468485&#8243; collapsed=\u00bbon\u00bb global_colors_info=\u00bb{%22gcid-e787f6e4-87be-4325-83ae-4380ef468485%22:%91%22background_color%22%93}\u00bb][et_pb_row column_structure=\u00bb1_2,1_2&#8243; _builder_version=\u00bb4.27.4&#8243; _module_preset=\u00bbdefault\u00bb custom_margin=\u00bb0px||||false|false\u00bb custom_padding=\u00bb0px||||false|false\u00bb global_colors_info=\u00bb{}\u00bb][et_pb_column type=\u00bb1_2&#8243; _builder_version=\u00bb4.21.0&#8243; _module_preset=\u00bbdefault\u00bb global_colors_info=\u00bb{}\u00bb][et_pb_image src=\u00bbhttps:\/\/pensandopoliticaspublicas.com.ar\/wp-content\/uploads\/2024\/02\/watercolor-mask-01-800px.png\u00bb title_text=\u00bbserveur-syndrome-down-trisomie-4096&#215;3072&#8243; _builder_version=\u00bb4.27.4&#8243; _module_preset=\u00bbdefault\u00bb background_image=\u00bbhttps:\/\/pensandopoliticaspublicas.com.ar\/wp-content\/uploads\/2026\/01\/serveur-syndrome-down-trisomie-4096&#215;3072-1.jpg\u00bb global_colors_info=\u00bb{}\u00bb][\/et_pb_image][\/et_pb_column][et_pb_column type=\u00bb1_2&#8243; _builder_version=\u00bb4.21.0&#8243; _module_preset=\u00bbdefault\u00bb global_colors_info=\u00bb{}\u00bb][et_pb_text _builder_version=\u00bb4.27.4&#8243; _module_preset=\u00bbf05f74f5-4f3d-42bf-87fe-8b6cec90f268&#8243; text_font=\u00bbMontserrat|900|||||||\u00bb text_font_size=\u00bb45px\u00bb text_line_height=\u00bb1em\u00bb header_2_text_color=\u00bbgcid-4a53c4f2-10a4-4df5-aae5-66892dee9e02&#8243; locked=\u00bboff\u00bb global_colors_info=\u00bb{%22gcid-4a53c4f2-10a4-4df5-aae5-66892dee9e02%22:%91%22header_2_text_color%22%93}\u00bb]<\/p>\n<p>VOS POD\u00c9S<br \/>SER PARTE<\/p>\n<p>[\/et_pb_text][et_pb_text _builder_version=\u00bb4.27.4&#8243; _module_preset=\u00bb3e1098bf-fc69-449d-8376-21fff76b1916&#8243; locked=\u00bboff\u00bb global_colors_info=\u00bb{}\u00bb]<\/p>\n<p style=\"font-weight: 400;\"><strong>APOYANDO EL DESARROLLO DEL PROYECTO<\/strong><\/p>\n<p style=\"font-weight: 400;\">Tu colaboraci\u00f3n ayuda a solventar los costos de desarrollo y puesta en marcha del proyecto, y los costos de la campa\u00f1a de concientizaci\u00f3n de Work IN:<\/p>\n<p style=\"font-weight: 400;\">&#8211; comunicaci\u00f3n en nuestras plataformas web<br \/>&#8211; redes sociales, podcast y news letters<br \/>&#8211; acciones de comunicaci\u00f3n concreta en eventos \/ charlas \/ coaching<\/p>\n<p style=\"font-weight: 400;\"><strong>SUMANDO TU EMPRESA A LA RED DE EMPLEO<\/strong><\/p>\n<p style=\"font-weight: 400;\">&#8211; Proponiendo oportunidades y b\u00fasquedas laborales efectivas y concretas que puedan ser desarrolladas por adultos con discapacidad (motriz, neurodivergentes, no videntes, hipoac\u00fasicos, y todo el amplio espectro de la discapacidad)\u00a0<\/p>\n<p>[\/et_pb_text][et_pb_image src=\u00bbhttps:\/\/pensandopoliticaspublicas.com.ar\/wp-content\/uploads\/2026\/01\/disability-work-meeting-edit.jpg\u00bb title_text=\u00bbdisability-work-meeting-edit\u00bb _builder_version=\u00bb4.27.4&#8243; _module_preset=\u00bbdefault\u00bb filter_saturate=\u00bb0%\u00bb locked=\u00bboff\u00bb global_colors_info=\u00bb{}\u00bb][\/et_pb_image][\/et_pb_column][\/et_pb_row][\/et_pb_section][et_pb_section fb_built=\u00bb1&#8243; admin_label=\u00bbCall to Action\u00bb _builder_version=\u00bb4.21.0&#8243; _module_preset=\u00bbdefault\u00bb background_color=\u00bbgcid-e787f6e4-87be-4325-83ae-4380ef468485&#8243; collapsed=\u00bbon\u00bb global_colors_info=\u00bb{%22gcid-e787f6e4-87be-4325-83ae-4380ef468485%22:%91%22background_color%22%93}\u00bb][et_pb_row _builder_version=\u00bb4.27.4&#8243; _module_preset=\u00bbdefault\u00bb custom_margin=\u00bb0px||0px||false|false\u00bb custom_padding=\u00bb0px||0px||false|false\u00bb locked=\u00bboff\u00bb global_colors_info=\u00bb{}\u00bb][et_pb_column type=\u00bb4_4&#8243; _builder_version=\u00bb4.21.0&#8243; _module_preset=\u00bbdefault\u00bb global_colors_info=\u00bb{}\u00bb][et_pb_text _builder_version=\u00bb4.27.4&#8243; _module_preset=\u00bbf05f74f5-4f3d-42bf-87fe-8b6cec90f268&#8243; text_font=\u00bbMontserrat|900|||||||\u00bb text_font_size=\u00bb40px\u00bb text_line_height=\u00bb1em\u00bb header_2_text_color=\u00bbgcid-4a53c4f2-10a4-4df5-aae5-66892dee9e02&#8243; locked=\u00bboff\u00bb global_colors_info=\u00bb{%22gcid-4a53c4f2-10a4-4df5-aae5-66892dee9e02%22:%91%22header_2_text_color%22%93}\u00bb]<\/p>\n<p style=\"text-align: center;\">ENTRE TODOS, PODEMOS HACER MUCHO<\/p>\n<p>[\/et_pb_text][et_pb_text _builder_version=\u00bb4.27.4&#8243; _module_preset=\u00bbf05f74f5-4f3d-42bf-87fe-8b6cec90f268&#8243; text_font=\u00bbMontserrat||||||||\u00bb text_font_size=\u00bb18px\u00bb text_line_height=\u00bb1.5em\u00bb header_2_text_color=\u00bbgcid-4a53c4f2-10a4-4df5-aae5-66892dee9e02&#8243; custom_margin=\u00bb|0px||0px|false|false\u00bb custom_padding=\u00bb0px||||false|false\u00bb locked=\u00bboff\u00bb global_colors_info=\u00bb{%22gcid-4a53c4f2-10a4-4df5-aae5-66892dee9e02%22:%91%22header_2_text_color%22%93}\u00bb]<\/p>\n<p style=\"font-weight: 400;\">Este programa se apoya en una trayectoria previa de acciones de concientizaci\u00f3n, formaci\u00f3n y producci\u00f3n de contenidos e informes desarrolladas por nuestra ONG, orientadas a promover derechos, visibilizar barreras estructurales y generar debate p\u00fablico informado sobre discapacidad, inclusi\u00f3n y acceso al trabajo.<\/p>\n<p style=\"font-weight: 400;\"><a href=\"https:\/\/pensandopoliticaspublicas.com.ar\/wp-content\/uploads\/2026\/01\/work-in-2026.pdf\">DESCARGAR PDF DEL PROYECTO \u00a0AQU\u00cd<\/a><\/p>\n<p>[\/et_pb_text][\/et_pb_column][\/et_pb_row][et_pb_row custom_padding_last_edited=\u00bbon|phone\u00bb _builder_version=\u00bb4.27.4&#8243; _module_preset=\u00bbdefault\u00bb background_color=\u00bb#a5daef\u00bb background_image=\u00bbhttps:\/\/pensandopoliticaspublicas.com.ar\/wp-content\/uploads\/2026\/01\/Woman-and-man-learning-sign-la.jpg\u00bb background_position=\u00bbtop_center\u00bb background_vertical_offset=\u00bb30%\u00bb background_blend=\u00bbmultiply\u00bb width=\u00bb100%\u00bb min_height=\u00bb500px\u00bb height=\u00bb500px\u00bb max_height=\u00bb500px\u00bb custom_margin=\u00bb50px||||false|false\u00bb custom_padding=\u00bb200px|50px|0px|50px|false|true\u00bb custom_padding_tablet=\u00bb30px|30px|30px|30px|true|true\u00bb custom_padding_phone=\u00bb20px|20px|20px|20px|true|true\u00bb global_colors_info=\u00bb{}\u00bb][et_pb_column type=\u00bb4_4&#8243; _builder_version=\u00bb4.21.0&#8243; _module_preset=\u00bbdefault\u00bb global_colors_info=\u00bb{}\u00bb][et_pb_text _builder_version=\u00bb4.27.4&#8243; _module_preset=\u00bbf05f74f5-4f3d-42bf-87fe-8b6cec90f268&#8243; text_font=\u00bbMontserrat|900|||||||\u00bb text_text_color=\u00bb#FFFFFF\u00bb text_font_size=\u00bb49px\u00bb text_line_height=\u00bb1em\u00bb header_2_text_color=\u00bbgcid-4a53c4f2-10a4-4df5-aae5-66892dee9e02&#8243; locked=\u00bboff\u00bb global_colors_info=\u00bb{%22gcid-4a53c4f2-10a4-4df5-aae5-66892dee9e02%22:%91%22header_2_text_color%22%93}\u00bb]<\/p>\n<p style=\"text-align: center;\">\u00abellos dicen\u00bb<\/p>\n<p>[\/et_pb_text][et_pb_text _builder_version=\u00bb4.27.4&#8243; _module_preset=\u00bbdefault\u00bb text_font=\u00bbMontserrat||||||||\u00bb text_text_color=\u00bb#FFFFFF\u00bb text_font_size=\u00bb20px\u00bb text_line_height=\u00bb1.8em\u00bb text_orientation=\u00bbcenter\u00bb global_colors_info=\u00bb{}\u00bb]<\/p>\n<p><strong>Experiencias previas, grandes y peque\u00f1os hechos cotidianos que aportan un granito de arena para construir una sociedad m\u00e1s inclusiva, contados en primera persona.<\/strong><\/p>\n<p>[\/et_pb_text][et_pb_blurb title=\u00bbEN CONSTRUCCI\u00d3N\u00bb use_icon=\u00bbon\u00bb font_icon=\u00bb&#xf0ad;||fa||900&#8243; icon_color=\u00bb#EDF000&#8243; image_icon_background_color=\u00bbRGBA(255,255,255,0)\u00bb image_icon_width=\u00bb42px\u00bb _builder_version=\u00bb4.27.4&#8243; _module_preset=\u00bbdefault\u00bb header_text_align=\u00bbcenter\u00bb header_text_color=\u00bb#FFFFFF\u00bb global_colors_info=\u00bb{}\u00bb][\/et_pb_blurb][\/et_pb_column][\/et_pb_row][\/et_pb_section][et_pb_section fb_built=\u00bb1&#8243; fullwidth=\u00bbon\u00bb _builder_version=\u00bb4.27.4&#8243; _module_preset=\u00bbdefault\u00bb global_colors_info=\u00bb{}\u00bb][et_pb_fullwidth_image src=\u00bbhttps:\/\/pensandopoliticaspublicas.com.ar\/wp-content\/uploads\/2026\/01\/pie-con-logos.jpg\u00bb title_text=\u00bbpie con logos\u00bb _builder_version=\u00bb4.27.4&#8243; _module_preset=\u00bbdefault\u00bb global_colors_info=\u00bb{}\u00bb][\/et_pb_fullwidth_image][\/et_pb_section]<\/p>\n","protected":false},"excerpt":{"rendered":"<p>Un programa piloto de inclusi\u00f3n laboral para adultos con discapacidad, en el sector privado. <\/p>\n","protected":false},"author":2,"featured_media":884,"comment_status":"open","ping_status":"open","sticky":false,"template":"","format":"standard","meta":{"_et_pb_use_builder":"on","_et_pb_old_content":"","_et_gb_content_width":"2880","footnotes":""},"categories":[8],"tags":[],"class_list":["post-883","post","type-post","status-publish","format-standard","has-post-thumbnail","hentry","category-proyectos"],"_links":{"self":[{"href":"https:\/\/pensandopoliticaspublicas.com.ar\/index.php\/wp-json\/wp\/v2\/posts\/883","targetHints":{"allow":["GET"]}}],"collection":[{"href":"https:\/\/pensandopoliticaspublicas.com.ar\/index.php\/wp-json\/wp\/v2\/posts"}],"about":[{"href":"https:\/\/pensandopoliticaspublicas.com.ar\/index.php\/wp-json\/wp\/v2\/types\/post"}],"author":[{"embeddable":true,"href":"https:\/\/pensandopoliticaspublicas.com.ar\/index.php\/wp-json\/wp\/v2\/users\/2"}],"replies":[{"embeddable":true,"href":"https:\/\/pensandopoliticaspublicas.com.ar\/index.php\/wp-json\/wp\/v2\/comments?post=883"}],"version-history":[{"count":25,"href":"https:\/\/pensandopoliticaspublicas.com.ar\/index.php\/wp-json\/wp\/v2\/posts\/883\/revisions"}],"predecessor-version":[{"id":1013,"href":"https:\/\/pensandopoliticaspublicas.com.ar\/index.php\/wp-json\/wp\/v2\/posts\/883\/revisions\/1013"}],"wp:featuredmedia":[{"embeddable":true,"href":"https:\/\/pensandopoliticaspublicas.com.ar\/index.php\/wp-json\/wp\/v2\/media\/884"}],"wp:attachment":[{"href":"https:\/\/pensandopoliticaspublicas.com.ar\/index.php\/wp-json\/wp\/v2\/media?parent=883"}],"wp:term":[{"taxonomy":"category","embeddable":true,"href":"https:\/\/pensandopoliticaspublicas.com.ar\/index.php\/wp-json\/wp\/v2\/categories?post=883"},{"taxonomy":"post_tag","embeddable":true,"href":"https:\/\/pensandopoliticaspublicas.com.ar\/index.php\/wp-json\/wp\/v2\/tags?post=883"}],"curies":[{"name":"wp","href":"https:\/\/api.w.org\/{rel}","templated":true}]}}