{"id":698,"date":"2024-10-30T15:55:49","date_gmt":"2024-10-30T15:55:49","guid":{"rendered":"https:\/\/pensandopoliticaspublicas.com.ar\/?p=698"},"modified":"2024-10-30T16:13:29","modified_gmt":"2024-10-30T16:13:29","slug":"los-derechos-del-nino-en-relacion-a-la-gestion-de-riesgos-de-desastres","status":"publish","type":"post","link":"https:\/\/pensandopoliticaspublicas.com.ar\/index.php\/2024\/10\/30\/los-derechos-del-nino-en-relacion-a-la-gestion-de-riesgos-de-desastres\/","title":{"rendered":"Los Derechos del Ni\u00f1o en relaci\u00f3n a la gesti\u00f3n de riesgos de desastres."},"content":{"rendered":"\n<p>Junto al Instituto InterAmericano para la Reducci\u00f3n de Riesgo de Desastres volvimos al Colegio Nacional de La Plata con el objeto de seguir trabajando con los alumnos y las alumnas de primer a\u00f1o sobre los Derechos del Ni\u00f1o en relaci\u00f3n a la gesti\u00f3n de riesgos de desastres.<br><br>En un mundo cada vez m\u00e1s expuesto a diversos fen\u00f3menos naturales, la educaci\u00f3n en gesti\u00f3n de riesgos se vuelve una necesidad imperiosa. Los colegios, como espacios de formaci\u00f3n y crecimiento, tienen un rol fundamental en la construcci\u00f3n de una sociedad m\u00e1s resiliente.<\/p>\n\n\n\n<p>Educar es la base para fomentar una cultura preventiva desde los m\u00e1s chicos a los m\u00e1s grandes.<\/p>\n\n\n\n<p>Para obtener material de formaci\u00f3n docente: <a href=\"https:\/\/bit.ly\/3zMLve1\">https:\/\/bit.ly\/3zMLve1<\/a><\/p>\n\n\n\n<p>#gesti\u00f3nderiesgos#cambioclim\u00e1tico<\/p>\n\n\n\n<p>15 h<\/p>\n","protected":false},"excerpt":{"rendered":"<p>Junto al Instituto InterAmericano para la Reducci\u00f3n de Riesgo de Desastres volvimos al Colegio Nacional de La Plata con el objeto de seguir trabajando con los alumnos y las alumnas de primer a\u00f1o sobre los Derechos del Ni\u00f1o en relaci\u00f3n a la gesti\u00f3n de riesgos de desastres. En un mundo cada vez m\u00e1s expuesto a [&hellip;]<\/p>\n","protected":false},"author":2,"featured_media":710,"comment_status":"open","ping_status":"open","sticky":false,"template":"","format":"standard","meta":{"_et_pb_use_builder":"","_et_pb_old_content":"","_et_gb_content_width":"","footnotes":""},"categories":[1],"tags":[],"class_list":["post-698","post","type-post","status-publish","format-standard","has-post-thumbnail","hentry","category-novedades"],"_links":{"self":[{"href":"https:\/\/pensandopoliticaspublicas.com.ar\/index.php\/wp-json\/wp\/v2\/posts\/698","targetHints":{"allow":["GET"]}}],"collection":[{"href":"https:\/\/pensandopoliticaspublicas.com.ar\/index.php\/wp-json\/wp\/v2\/posts"}],"about":[{"href":"https:\/\/pensandopoliticaspublicas.com.ar\/index.php\/wp-json\/wp\/v2\/types\/post"}],"author":[{"embeddable":true,"href":"https:\/\/pensandopoliticaspublicas.com.ar\/index.php\/wp-json\/wp\/v2\/users\/2"}],"replies":[{"embeddable":true,"href":"https:\/\/pensandopoliticaspublicas.com.ar\/index.php\/wp-json\/wp\/v2\/comments?post=698"}],"version-history":[{"count":4,"href":"https:\/\/pensandopoliticaspublicas.com.ar\/index.php\/wp-json\/wp\/v2\/posts\/698\/revisions"}],"predecessor-version":[{"id":713,"href":"https:\/\/pensandopoliticaspublicas.com.ar\/index.php\/wp-json\/wp\/v2\/posts\/698\/revisions\/713"}],"wp:featuredmedia":[{"embeddable":true,"href":"https:\/\/pensandopoliticaspublicas.com.ar\/index.php\/wp-json\/wp\/v2\/media\/710"}],"wp:attachment":[{"href":"https:\/\/pensandopoliticaspublicas.com.ar\/index.php\/wp-json\/wp\/v2\/media?parent=698"}],"wp:term":[{"taxonomy":"category","embeddable":true,"href":"https:\/\/pensandopoliticaspublicas.com.ar\/index.php\/wp-json\/wp\/v2\/categories?post=698"},{"taxonomy":"post_tag","embeddable":true,"href":"https:\/\/pensandopoliticaspublicas.com.ar\/index.php\/wp-json\/wp\/v2\/tags?post=698"}],"curies":[{"name":"wp","href":"https:\/\/api.w.org\/{rel}","templated":true}]}}