{"id":672,"date":"2024-08-24T19:19:08","date_gmt":"2024-08-24T19:19:08","guid":{"rendered":"https:\/\/pensandopoliticaspublicas.com.ar\/?p=672"},"modified":"2024-08-24T19:22:43","modified_gmt":"2024-08-24T19:22:43","slug":"ludopatia-en-jovenes-en-tucuman","status":"publish","type":"post","link":"https:\/\/pensandopoliticaspublicas.com.ar\/index.php\/2024\/08\/24\/ludopatia-en-jovenes-en-tucuman\/","title":{"rendered":"Ludopat\u00eda en j\u00f3venes, en Tucum\u00e1n"},"content":{"rendered":"\n<p><\/p>\n\n\n\n<h2 class=\"wp-block-heading\"><strong>Estuvimos en Tucum\u00e1n realizando tres talleres sobre Ludopat\u00eda Digital. Las charlas fueron en el colegio Los Cerros, ubicado en la localidad de Yerba Buena, destinada a estudiantes, docentes y padres. <\/strong><\/h2>\n\n\n\n<p><strong>La otra iniciativa se replic\u00f3 en el colegio parroquial El Salvador junto Padre Jes\u00fas Fern\u00e1ndez de la Parroquia Nuestra Se\u00f1ora del Valle, Yerba Buena.<\/strong><\/p>\n\n\n\n<p>As\u00ed, continuamos con nuestros talleres, que ya realizamos en mas de 20 municipios de Buenos Aires, pero tambi\u00e9n en conjunto con la Defensoria del Pueblo en las provincias de Santa Fe, y ahora en Tucum\u00e1n.<\/p>\n\n\n\n<p>M\u00e1s de 50 colegios y 4000 alumnos han participado de esta modalidad.<\/p>\n\n\n\n<p>Tambi\u00e9n desarrollamos actividades en los clubes de Gimnasia y esgrima de La Plata y Sarmiento de Jun\u00edn, ambos clubes de primera divisi\u00f3n del futbol de Argentina.<\/p>\n\n\n\n<p>En esta semana capacitaremos a la liga de clubes infantiles de La Plata.<\/p>\n\n\n\n<figure class=\"wp-block-image size-large is-resized\"><img loading=\"lazy\" decoding=\"async\" width=\"768\" height=\"1024\" src=\"https:\/\/pensandopoliticaspublicas.com.ar\/wp-content\/uploads\/2024\/08\/GVtR7DDWkAAHXKR-768x1024.jpeg\" alt=\"\" class=\"wp-image-673\" style=\"width:610px;height:auto\"\/><\/figure>\n\n\n\n<p><\/p>\n\n\n\n<p><\/p>\n\n\n\n<p><\/p>\n","protected":false},"excerpt":{"rendered":"<p>Estuvimos en Tucum\u00e1n realizando tres talleres sobre Ludopat\u00eda Digital. Las charlas fueron en el colegio Los Cerros, ubicado en la localidad de Yerba Buena, destinada a estudiantes, docentes y padres. La otra iniciativa se replic\u00f3 en el colegio parroquial El Salvador junto Padre Jes\u00fas Fern\u00e1ndez de la Parroquia Nuestra Se\u00f1ora del Valle, Yerba Buena. As\u00ed, [&hellip;]<\/p>\n","protected":false},"author":2,"featured_media":675,"comment_status":"open","ping_status":"open","sticky":false,"template":"","format":"standard","meta":{"_et_pb_use_builder":"off","_et_pb_old_content":"","_et_gb_content_width":"","footnotes":""},"categories":[1,8],"tags":[],"class_list":["post-672","post","type-post","status-publish","format-standard","has-post-thumbnail","hentry","category-novedades","category-proyectos"],"_links":{"self":[{"href":"https:\/\/pensandopoliticaspublicas.com.ar\/index.php\/wp-json\/wp\/v2\/posts\/672","targetHints":{"allow":["GET"]}}],"collection":[{"href":"https:\/\/pensandopoliticaspublicas.com.ar\/index.php\/wp-json\/wp\/v2\/posts"}],"about":[{"href":"https:\/\/pensandopoliticaspublicas.com.ar\/index.php\/wp-json\/wp\/v2\/types\/post"}],"author":[{"embeddable":true,"href":"https:\/\/pensandopoliticaspublicas.com.ar\/index.php\/wp-json\/wp\/v2\/users\/2"}],"replies":[{"embeddable":true,"href":"https:\/\/pensandopoliticaspublicas.com.ar\/index.php\/wp-json\/wp\/v2\/comments?post=672"}],"version-history":[{"count":1,"href":"https:\/\/pensandopoliticaspublicas.com.ar\/index.php\/wp-json\/wp\/v2\/posts\/672\/revisions"}],"predecessor-version":[{"id":674,"href":"https:\/\/pensandopoliticaspublicas.com.ar\/index.php\/wp-json\/wp\/v2\/posts\/672\/revisions\/674"}],"wp:featuredmedia":[{"embeddable":true,"href":"https:\/\/pensandopoliticaspublicas.com.ar\/index.php\/wp-json\/wp\/v2\/media\/675"}],"wp:attachment":[{"href":"https:\/\/pensandopoliticaspublicas.com.ar\/index.php\/wp-json\/wp\/v2\/media?parent=672"}],"wp:term":[{"taxonomy":"category","embeddable":true,"href":"https:\/\/pensandopoliticaspublicas.com.ar\/index.php\/wp-json\/wp\/v2\/categories?post=672"},{"taxonomy":"post_tag","embeddable":true,"href":"https:\/\/pensandopoliticaspublicas.com.ar\/index.php\/wp-json\/wp\/v2\/tags?post=672"}],"curies":[{"name":"wp","href":"https:\/\/api.w.org\/{rel}","templated":true}]}}