{"id":578,"date":"2024-06-13T23:27:32","date_gmt":"2024-06-13T23:27:32","guid":{"rendered":"https:\/\/pensandopoliticaspublicas.com.ar\/?p=578"},"modified":"2024-06-13T23:29:54","modified_gmt":"2024-06-13T23:29:54","slug":"convenio-de-cooperacion-tecnica-y-asistencia-reciproca-con-la-asociacion-civil-colectiva-de-trabajadoras-judiciales","status":"publish","type":"post","link":"https:\/\/pensandopoliticaspublicas.com.ar\/index.php\/2024\/06\/13\/convenio-de-cooperacion-tecnica-y-asistencia-reciproca-con-la-asociacion-civil-colectiva-de-trabajadoras-judiciales\/","title":{"rendered":"Convenio de cooperaci\u00f3n t\u00e9cnica y asistencia rec\u00edproca con la Asociaci\u00f3n Civil \u00abColectiva de Trabajadoras Judiciales\u00bb"},"content":{"rendered":"\n<p><strong>Nos complace anunciar la firma de un convenio de cooperaci\u00f3n t\u00e9cnica y asistencia rec\u00edproca con la Asociaci\u00f3n Civil \u00abColectiva de Trabajadoras Judiciales\u00bb.<\/strong><\/p>\n\n\n\n<p><\/p>\n\n\n\n<p>Creemos firmemente que la defensa y protecci\u00f3n de los derechos humanos y dem\u00e1s derechos, son pilares fundamentales para garantizar la estabilidad pol\u00edtica, social, econ\u00f3mica y jur\u00eddica de nuestras instituciones en todos los niveles. Asimismo, son esenciales para fortalecer nuestro sistema democr\u00e1tico. Por esta raz\u00f3n, resulta crucial impulsar acciones que contribuyan a eliminar las desigualdades estructurales y la discriminaci\u00f3n hacia las mujeres y las diversidades, tanto en el \u00e1mbito del Poder Judicial de la Provincia de Buenos Aires como en nuestra sociedad en su conjunto.<\/p>\n\n\n\n<p>Ambas partes coinciden en la importancia de colaborar en la creaci\u00f3n, implementaci\u00f3n y evaluaci\u00f3n de pol\u00edticas p\u00fablicas que promuevan iniciativas para abordar asuntos relacionados con el reconocimiento y la protecci\u00f3n efectiva de los derechos de las mujeres y las diversidades, as\u00ed como el desarrollo humano.<\/p>\n\n\n\n<p>Adem\u00e1s, consideramos valioso promover y llevar a cabo actividades como campa\u00f1as de concientizaci\u00f3n, conferencias, elaboraci\u00f3n de documentos, ensayos, investigaciones, trabajo de campo y otras iniciativas tanto en el sector p\u00fablico como en el privado.<\/p>\n\n\n\n<figure class=\"wp-block-image size-large\"><img loading=\"lazy\" decoding=\"async\" width=\"960\" height=\"640\" src=\"https:\/\/pensandopoliticaspublicas.com.ar\/wp-content\/uploads\/2024\/06\/d6169b8f-2423-40bb-a54b-60f477768bb2-edited.jpg\" alt=\"\" class=\"wp-image-583\" srcset=\"https:\/\/pensandopoliticaspublicas.com.ar\/wp-content\/uploads\/2024\/06\/d6169b8f-2423-40bb-a54b-60f477768bb2-edited.jpg 960w, https:\/\/pensandopoliticaspublicas.com.ar\/wp-content\/uploads\/2024\/06\/d6169b8f-2423-40bb-a54b-60f477768bb2-edited-480x320.jpg 480w\" sizes=\"(min-width: 0px) and (max-width: 480px) 480px, (min-width: 481px) 960px, 100vw\" \/><\/figure>\n","protected":false},"excerpt":{"rendered":"<p>Nos complace anunciar la firma de un convenio de cooperaci\u00f3n t\u00e9cnica y asistencia rec\u00edproca con la Asociaci\u00f3n Civil \u00abColectiva de Trabajadoras Judiciales\u00bb. Creemos firmemente que la defensa y protecci\u00f3n de los derechos humanos y dem\u00e1s derechos, son pilares fundamentales para garantizar la estabilidad pol\u00edtica, social, econ\u00f3mica y jur\u00eddica de nuestras instituciones en todos los niveles. [&hellip;]<\/p>\n","protected":false},"author":2,"featured_media":579,"comment_status":"open","ping_status":"open","sticky":false,"template":"","format":"standard","meta":{"_et_pb_use_builder":"off","_et_pb_old_content":"","_et_gb_content_width":"","footnotes":""},"categories":[1],"tags":[],"class_list":["post-578","post","type-post","status-publish","format-standard","has-post-thumbnail","hentry","category-novedades"],"_links":{"self":[{"href":"https:\/\/pensandopoliticaspublicas.com.ar\/index.php\/wp-json\/wp\/v2\/posts\/578","targetHints":{"allow":["GET"]}}],"collection":[{"href":"https:\/\/pensandopoliticaspublicas.com.ar\/index.php\/wp-json\/wp\/v2\/posts"}],"about":[{"href":"https:\/\/pensandopoliticaspublicas.com.ar\/index.php\/wp-json\/wp\/v2\/types\/post"}],"author":[{"embeddable":true,"href":"https:\/\/pensandopoliticaspublicas.com.ar\/index.php\/wp-json\/wp\/v2\/users\/2"}],"replies":[{"embeddable":true,"href":"https:\/\/pensandopoliticaspublicas.com.ar\/index.php\/wp-json\/wp\/v2\/comments?post=578"}],"version-history":[{"count":2,"href":"https:\/\/pensandopoliticaspublicas.com.ar\/index.php\/wp-json\/wp\/v2\/posts\/578\/revisions"}],"predecessor-version":[{"id":584,"href":"https:\/\/pensandopoliticaspublicas.com.ar\/index.php\/wp-json\/wp\/v2\/posts\/578\/revisions\/584"}],"wp:featuredmedia":[{"embeddable":true,"href":"https:\/\/pensandopoliticaspublicas.com.ar\/index.php\/wp-json\/wp\/v2\/media\/579"}],"wp:attachment":[{"href":"https:\/\/pensandopoliticaspublicas.com.ar\/index.php\/wp-json\/wp\/v2\/media?parent=578"}],"wp:term":[{"taxonomy":"category","embeddable":true,"href":"https:\/\/pensandopoliticaspublicas.com.ar\/index.php\/wp-json\/wp\/v2\/categories?post=578"},{"taxonomy":"post_tag","embeddable":true,"href":"https:\/\/pensandopoliticaspublicas.com.ar\/index.php\/wp-json\/wp\/v2\/tags?post=578"}],"curies":[{"name":"wp","href":"https:\/\/api.w.org\/{rel}","templated":true}]}}