{"id":334,"date":"2024-03-12T23:18:53","date_gmt":"2024-03-12T23:18:53","guid":{"rendered":"https:\/\/pensandopoliticaspublicas.com.ar\/?p=334"},"modified":"2024-03-12T23:18:57","modified_gmt":"2024-03-12T23:18:57","slug":"aun-queda-mucho-por-hacer-en-la-lucha-contra-el-tabaquismo","status":"publish","type":"post","link":"https:\/\/pensandopoliticaspublicas.com.ar\/index.php\/2024\/03\/12\/aun-queda-mucho-por-hacer-en-la-lucha-contra-el-tabaquismo\/","title":{"rendered":"A\u00fan queda mucho por hacer en la lucha contra el tabaquismo"},"content":{"rendered":"\n<figure class=\"wp-block-image size-large\"><img loading=\"lazy\" decoding=\"async\" width=\"1024\" height=\"373\" src=\"https:\/\/pensandopoliticaspublicas.com.ar\/wp-content\/uploads\/2024\/03\/629644a87b3c2_WM-2-1-1024x373.jpg\" alt=\"\" class=\"wp-image-335\" srcset=\"https:\/\/pensandopoliticaspublicas.com.ar\/wp-content\/uploads\/2024\/03\/629644a87b3c2_WM-2-1-980x357.jpg 980w, https:\/\/pensandopoliticaspublicas.com.ar\/wp-content\/uploads\/2024\/03\/629644a87b3c2_WM-2-1-480x175.jpg 480w\" sizes=\"(min-width: 0px) and (max-width: 480px) 480px, (min-width: 481px) and (max-width: 980px) 980px, (min-width: 981px) 1024px, 100vw\" \/><\/figure>\n\n\n\n<h3 class=\"wp-block-heading\">Actividad de concientizaci\u00f3n en la plaza central de Esteban Echeverr\u00eda. <\/h3>\n\n\n\n<h3 class=\"wp-block-heading\">Se trata de una campa\u00f1a organizada con motivo del D\u00eda Mundial Sin Tabaco que se celebra el 31 de mayo.<\/h3>\n\n\n\n<p>Martello explic\u00f3 que la tasa de consumo de cigarrillos por habitantes es un 35% inferior a la que exist\u00eda hace 10 a\u00f1os pero la baja en el consumo no es constante y registr\u00f3 vaivenes en la \u00faltima d\u00e9cada. Seg\u00fan los reportes del \u00c1rea de Acopio, Producci\u00f3n, Estudios y Finanzas del Ministerio de Agricultura, Ganader\u00eda y Pesca la Naci\u00f3n, en la Argentina el a\u00f1o pasado se consumieron 1.614.051.351 paquetes de cigarrillos, 4,2% menos que en 2020. De esta forma el indicador conocido como \u201cconsumo aparente\u201d que elabora el Ministerio pas\u00f3 de 37 a 35 paquetes por habitante. En 2011 el consumo aparente era de 54 paquetes. Pero en 2020, durante el primer a\u00f1o de la pandemia, el indicador mostr\u00f3 un aumento de 1,69% respecto a 2019. Este tipo de estancamientos o leves retrocesos en la ca\u00edda del consumo de tabaco hace indispensable mantener y ampliar las campa\u00f1as de prevenci\u00f3n a nivel local, regional e internacional.<\/p>\n\n\n\n<p>Las acciones del Observatorio en Esteban Echeverr\u00eda consistieron en entregar informaci\u00f3n sobre los beneficios inmediatos que se obtienen al dejar de fumar y las formas de acceder a los tratamientos gratuitos de cesaci\u00f3n tab\u00e1quica. Asimismo, se hizo entrega de un test para que fumadores y fumadoras pudieran determinar su grado de dependencia a la nicotina. El test -avalado por el Ministerio de Salud de la Naci\u00f3n- consiste en seis simples preguntas.<\/p>\n\n\n\n<p>Nuestro mensaje es claro: dejar de fumar es posible. Y por eso desde el Estado se le debe dar todas las herramientas a quienes tengan voluntad de hacerlo dado que no solamente se beneficia la persona que lo hace, sino tambi\u00e9n el sistema sanitario y hasta el medio ambiente.<\/p>\n\n\n\n<p>El peligro del \u201clavado verde\u201d<\/p>\n\n\n\n<p>La campa\u00f1a 2022 por el D\u00eda Sin Tabaco realizada por el Observatorio de Adicciones de la Defensor\u00eda, se enmarca en la consiga global establecida por la Organizaci\u00f3n Mundial de Salud (OMS) para este a\u00f1o. Concretamente, la OMS denunci\u00f3 que la industria tabacalera quiere mejorar su imagen p\u00fablica a trav\u00e9s de lo que se denomina \u201clavado verde\u201d, una t\u00e1ctica de desinformaci\u00f3n utilizada por las industrias para presentar una imagen ambientalmente responsable.&nbsp;<\/p>\n\n\n\n<p>Se trata de una estrategia de relaciones p\u00fablicas utilizada por las industrias da\u00f1inas para parecer \u201cecol\u00f3gicas y socialmente responsables\u201d cuando en realidad sus productos perjudican la salud humana y el medio ambiente.&nbsp;<\/p>\n\n\n\n<p>La industria tabacalera vierte residuos t\u00f3xicos en las comunidades y agota los recursos naturales. Sin embargo, finge inter\u00e9s ambiental y sensibilidad social para influenciar a los responsables de las decisiones pol\u00edticas que regulan su actividad buscando obtener ventajas fiscales y marcos regulatorios laxos. El lavado verde es un enga\u00f1o, busca distraer la atenci\u00f3n de los esfuerzos serios para proteger al planeta.<\/p>\n\n\n\n<p>Seg\u00fan la OMS cada a\u00f1o se desechan 4,5 billones de colillas de cigarrillo al ambiente, lo que lo convierte en el art\u00edculo m\u00e1s desechado del mundo y la basura m\u00e1s frecuente en las playas. Cada colilla de cigarrillo concentra en el filtro miles de sustancias t\u00f3xicas que puede contaminar entre 50 a 100 litros de agua y que necesitan hasta 25 a\u00f1os para degradarse en el medioambiente<\/p>\n","protected":false},"excerpt":{"rendered":"<p>Actividad de concientizaci\u00f3n en la plaza central de Esteban Echeverr\u00eda. Se trata de una campa\u00f1a organizada con motivo del D\u00eda Mundial Sin Tabaco que se celebra el 31 de mayo. Martello explic\u00f3 que la tasa de consumo de cigarrillos por habitantes es un 35% inferior a la que exist\u00eda hace 10 a\u00f1os pero la baja [&hellip;]<\/p>\n","protected":false},"author":2,"featured_media":335,"comment_status":"open","ping_status":"open","sticky":false,"template":"","format":"standard","meta":{"_et_pb_use_builder":"off","_et_pb_old_content":"","_et_gb_content_width":"","footnotes":""},"categories":[8],"tags":[],"class_list":["post-334","post","type-post","status-publish","format-standard","has-post-thumbnail","hentry","category-proyectos"],"_links":{"self":[{"href":"https:\/\/pensandopoliticaspublicas.com.ar\/index.php\/wp-json\/wp\/v2\/posts\/334","targetHints":{"allow":["GET"]}}],"collection":[{"href":"https:\/\/pensandopoliticaspublicas.com.ar\/index.php\/wp-json\/wp\/v2\/posts"}],"about":[{"href":"https:\/\/pensandopoliticaspublicas.com.ar\/index.php\/wp-json\/wp\/v2\/types\/post"}],"author":[{"embeddable":true,"href":"https:\/\/pensandopoliticaspublicas.com.ar\/index.php\/wp-json\/wp\/v2\/users\/2"}],"replies":[{"embeddable":true,"href":"https:\/\/pensandopoliticaspublicas.com.ar\/index.php\/wp-json\/wp\/v2\/comments?post=334"}],"version-history":[{"count":1,"href":"https:\/\/pensandopoliticaspublicas.com.ar\/index.php\/wp-json\/wp\/v2\/posts\/334\/revisions"}],"predecessor-version":[{"id":336,"href":"https:\/\/pensandopoliticaspublicas.com.ar\/index.php\/wp-json\/wp\/v2\/posts\/334\/revisions\/336"}],"wp:featuredmedia":[{"embeddable":true,"href":"https:\/\/pensandopoliticaspublicas.com.ar\/index.php\/wp-json\/wp\/v2\/media\/335"}],"wp:attachment":[{"href":"https:\/\/pensandopoliticaspublicas.com.ar\/index.php\/wp-json\/wp\/v2\/media?parent=334"}],"wp:term":[{"taxonomy":"category","embeddable":true,"href":"https:\/\/pensandopoliticaspublicas.com.ar\/index.php\/wp-json\/wp\/v2\/categories?post=334"},{"taxonomy":"post_tag","embeddable":true,"href":"https:\/\/pensandopoliticaspublicas.com.ar\/index.php\/wp-json\/wp\/v2\/tags?post=334"}],"curies":[{"name":"wp","href":"https:\/\/api.w.org\/{rel}","templated":true}]}}