{"id":322,"date":"2024-03-12T22:59:26","date_gmt":"2024-03-12T22:59:26","guid":{"rendered":"https:\/\/pensandopoliticaspublicas.com.ar\/?p=322"},"modified":"2024-03-12T23:01:43","modified_gmt":"2024-03-12T23:01:43","slug":"iniciativa-para-concientizar-y-fortalecer-la-prevencion-del-chagas-en-la-infancia","status":"publish","type":"post","link":"https:\/\/pensandopoliticaspublicas.com.ar\/index.php\/2024\/03\/12\/iniciativa-para-concientizar-y-fortalecer-la-prevencion-del-chagas-en-la-infancia\/","title":{"rendered":"Iniciativa para concientizar y fortalecer la prevenci\u00f3n del Chagas en la infancia"},"content":{"rendered":"\n<p><strong>En el marco del \u201cD\u00eda Nacional por una Argentina sin Chagas\u201d, se present\u00f3 una gu\u00eda de sensibilizaci\u00f3n y prevenci\u00f3n elaborada por investigadores e investigadoras del CONICET y de la UNLP e integrantes del Centro de Estudios \u201cPensando Pol\u00edticas P\u00fablicas\u201d<\/strong><\/p>\n\n\n\n<figure class=\"wp-block-image aligncenter\"><img decoding=\"async\" src=\"https:\/\/waltermartello.com.ar\/wp-content\/uploads\/2019\/08\/waltermalvinas1-1024x768.jpg\" alt=\"\" class=\"wp-image-1585\"\/><\/figure>\n\n\n\n<h5 class=\"wp-block-heading\">Integrantes de las ONGS, en acci\u00f3n conjunta.<\/h5>\n\n\n\n<p>Los mencionados programas de prevenci\u00f3n tambi\u00e9n incluyen enfermedades vectoriales como el dengue, paludismo, fiebre amarilla y leshmaniasis, entre otras. Y patolog\u00edas zoon\u00f3ticas como el hantavirus y la leptospirosis.<\/p>\n\n\n\n<p>A nivel mundial hay 8 millones de personas infectadas con el par\u00e1sito que causa la enfermedad de Chagas, de las cuales 1,5 millones viven en la Argentina. Ahora bien, solo 3 de cada 10 personas que son portadoras del par\u00e1sito se enferman.<\/p>\n\n\n\n<p>En 2007 se sancion\u00f3 la Ley 26.218, donde se declara de inter\u00e9s nacional y se le asigna car\u00e1cter prioritario, dentro de la pol\u00edtica nacional de salud, a la prevenci\u00f3n y control de todas las formas de transmisi\u00f3n del Chagas. La norma, promulgada de hecho en septiembre del mismo a\u00f1o, establece la obligaci\u00f3n de desarrollar intervenciones que permitan dar respuestas preventivas y de tratamiento de \u00edndole ambiental, laboral, sanitaria, educativa y de vivienda y h\u00e1bitat saludable, e incorpora nociones de la Ley de Protecci\u00f3n de Datos. En aquel entonces, tambi\u00e9n se sancion\u00f3 la Ley Nacional 26.279 de Pesquisa Neonatal (se encuentra sin reglamentar al igual que la Ley de Chagas), que regula el r\u00e9gimen para la detecci\u00f3n y posterior tratamiento de determinadas patolog\u00edas en el\/la reci\u00e9n nacido\/a y establece determinadas prestaciones obligatorias, en algunos casos incumplidas, as\u00ed como la constituci\u00f3n de una Comisi\u00f3n Interdisciplinaria de Especialistas en Pesquisa Neonatal.<\/p>\n\n\n\n<p>La falta de reglamentaci\u00f3n hace que la implementaci\u00f3n de la pesquisa no sea uniforme a nivel nacional. Adem\u00e1s, subsisten impedimentos de \u00edndole tecnol\u00f3gica porque no existe en la actualidad un m\u00e9todo de diagn\u00f3stico de Chagas econ\u00f3mico, accesible y lo suficientemente r\u00e1pido para reci\u00e9n nacidos\/as.<\/p>\n\n\n\n<p>\u201cCon la gu\u00eda que elaboramos en conjunto con el grupo \u201c\u00bfDe qu\u00e9 hablamos cuando hablamos de Chagas?, buscamos concientizar sobre esta problem\u00e1tica. Necesitamos que sean cada vez m\u00e1s las personas que puedan conocer lo que significa el Chagas, c\u00f3mo se trasmite, las formas de prevenirlo. Tambi\u00e9n es muy importante la forma en que se comunica: hablar sobre \u201cMal de Chagas\u201d transmite un juicio de valor que no corresponde\u201d, explic\u00f3 Martello, <\/p>\n\n\n\n<p>La presentaci\u00f3n de la gu\u00eda se realiz\u00f3 en el Centro Cultural Islas Malvinas de La Plata, donde se realiz\u00f3 un conversatorio que tuvo la participaci\u00f3n de la investigadora del CONICET y asesora de la Organizaci\u00f3n Mundial de la Salud (OMS), Mariana Sanmartino, coordinadora del grupo \u00bfDe qu\u00e9 hablamos cuando hablamos de Chagas?; la docente Graciela Piatti y la integrante del Servicio de Infectolog\u00eda del Hospital de Ni\u00f1os \u201cSor Mar\u00eda Ludovica\u201d de La Plata, Marta Vinuesa.<\/p>\n\n\n\n<p>Durante el acto, Martello remarc\u00f3 que \u201cel Chagas tambi\u00e9n implica una cuesti\u00f3n de derechos humanos y de Infancias ya que son las ni\u00f1as y los ni\u00f1os quienes pueden curarse si son dignosticados\/as a tiempo. El Estado tiene mucho para hacer. Por ejemplo, las mujeres en edad f\u00e9rtil que tienen Chagas, pueden reducir notablemente la posibilidad de trasmisi\u00f3n en sus embarazos futuros siempre y cuando accedan a la medicaci\u00f3n adecuada. No le podemos decir a estas mujeres que se van a curar, pero s\u00ed prevenir la trasmisi\u00f3n cong\u00e9nita\u201d.<\/p>\n\n\n\n<p><strong>Abordaje integral<\/strong><\/p>\n\n\n\n<p>Desde su conformaci\u00f3n en 2010, el grupo \u201c\u00bfDe qu\u00e9 hablamos cuando hablamos de Chagas?\u201d, lleva adelante una incesante actividad que busca promover el abordaje de la mencionada problem\u00e1tica desde una perspectiva integral e innovadora. Se trata de una iniciativa de la que participan investigadores\/as, docentes y estudiantes de distintas instituciones acad\u00e9micas y cient\u00edficas: Grupo de Did\u00e1ctica de las Ciencias del Instituto de F\u00edsica de L\u00edquidos y Sistemas Biol\u00f3gicos (IFLYSIB-UNLP-CONICET); Laboratorio de Triatominos del Centro de Estudios Parasitol\u00f3gicos y de Vectores (CEPAVE- UNLP- CONICET asociado a CICPBA); Instituto de Ciencia y Tecnolog\u00eda \u201cDr. C\u00e9sar Milstein\u201d (ICT MILSTEIN, CONICET-Fundaci\u00f3n Pablo Cassar\u00e1); y de las universidades nacionales Arturo Jauretche (UNAJ) y de La Plata (UNLP), entre otros.<\/p>\n\n\n\n<p>Este a\u00f1o y en el marco del D\u00eda Nacional por una Argentina sin Chagas \u2013que se conmemora cada \u00faltimo viernes de agosto, desde 2014\u2013 se organiz\u00f3 por octava edici\u00f3n consecutiva el Mes del Chagas, que contempla diversas acciones de divulgaci\u00f3n con distintos formatos que apuntar\u00e1n tanto al \u00e1mbito acad\u00e9mico como a la comunidad en general.<\/p>\n","protected":false},"excerpt":{"rendered":"<p>En el marco del \u201cD\u00eda Nacional por una Argentina sin Chagas\u201d, se present\u00f3 una gu\u00eda de sensibilizaci\u00f3n y prevenci\u00f3n elaborada por investigadores e investigadoras del CONICET y de la UNLP e integrantes del Centro de Estudios \u201cPensando Pol\u00edticas P\u00fablicas\u201d Integrantes de las ONGS, en acci\u00f3n conjunta. Los mencionados programas de prevenci\u00f3n tambi\u00e9n incluyen enfermedades vectoriales [&hellip;]<\/p>\n","protected":false},"author":2,"featured_media":325,"comment_status":"open","ping_status":"open","sticky":false,"template":"","format":"standard","meta":{"_et_pb_use_builder":"","_et_pb_old_content":"","_et_gb_content_width":"","footnotes":""},"categories":[10],"tags":[],"class_list":["post-322","post","type-post","status-publish","format-standard","has-post-thumbnail","hentry","category-acciones"],"_links":{"self":[{"href":"https:\/\/pensandopoliticaspublicas.com.ar\/index.php\/wp-json\/wp\/v2\/posts\/322","targetHints":{"allow":["GET"]}}],"collection":[{"href":"https:\/\/pensandopoliticaspublicas.com.ar\/index.php\/wp-json\/wp\/v2\/posts"}],"about":[{"href":"https:\/\/pensandopoliticaspublicas.com.ar\/index.php\/wp-json\/wp\/v2\/types\/post"}],"author":[{"embeddable":true,"href":"https:\/\/pensandopoliticaspublicas.com.ar\/index.php\/wp-json\/wp\/v2\/users\/2"}],"replies":[{"embeddable":true,"href":"https:\/\/pensandopoliticaspublicas.com.ar\/index.php\/wp-json\/wp\/v2\/comments?post=322"}],"version-history":[{"count":1,"href":"https:\/\/pensandopoliticaspublicas.com.ar\/index.php\/wp-json\/wp\/v2\/posts\/322\/revisions"}],"predecessor-version":[{"id":323,"href":"https:\/\/pensandopoliticaspublicas.com.ar\/index.php\/wp-json\/wp\/v2\/posts\/322\/revisions\/323"}],"wp:featuredmedia":[{"embeddable":true,"href":"https:\/\/pensandopoliticaspublicas.com.ar\/index.php\/wp-json\/wp\/v2\/media\/325"}],"wp:attachment":[{"href":"https:\/\/pensandopoliticaspublicas.com.ar\/index.php\/wp-json\/wp\/v2\/media?parent=322"}],"wp:term":[{"taxonomy":"category","embeddable":true,"href":"https:\/\/pensandopoliticaspublicas.com.ar\/index.php\/wp-json\/wp\/v2\/categories?post=322"},{"taxonomy":"post_tag","embeddable":true,"href":"https:\/\/pensandopoliticaspublicas.com.ar\/index.php\/wp-json\/wp\/v2\/tags?post=322"}],"curies":[{"name":"wp","href":"https:\/\/api.w.org\/{rel}","templated":true}]}}