{"id":144,"date":"2024-02-22T12:41:55","date_gmt":"2024-02-22T12:41:55","guid":{"rendered":"https:\/\/pensandopoliticaspublicas.com.ar\/?p=144"},"modified":"2024-03-13T03:20:29","modified_gmt":"2024-03-13T03:20:29","slug":"participamos-en-el-marco-de-consultas-para-la-elaboracion-del-plan-de-trabajo-trianual-2024-2026-de-la-relatoria-especial-sobre-los-derechos-economicos-sociales-culturales-y-ambientales-de","status":"publish","type":"post","link":"https:\/\/pensandopoliticaspublicas.com.ar\/index.php\/2024\/02\/22\/participamos-en-el-marco-de-consultas-para-la-elaboracion-del-plan-de-trabajo-trianual-2024-2026-de-la-relatoria-especial-sobre-los-derechos-economicos-sociales-culturales-y-ambientales-de\/","title":{"rendered":"Participamos\u00a0 en el marco de consultas para la elaboraci\u00f3n del Plan de Trabajo Trianual (2024 &#8211; 2026) de la Relator\u00eda Especial sobre los Derechos Econ\u00f3micos, Sociales, Culturales y Ambientales de la CIDH \u2013OEA\u00a0"},"content":{"rendered":"\n<div class=\"wp-block-columns is-layout-flex wp-container-core-columns-is-layout-1 wp-block-columns-is-layout-flex\">\n<div class=\"wp-block-column is-layout-flow wp-block-column-is-layout-flow\"><\/div>\n\n\n\n<div class=\"wp-block-column is-layout-flow wp-block-column-is-layout-flow\">\n<p>La Comisi\u00f3n Interamericana de Derechos Humanos (CIDH), a trav\u00e9s de su Relator\u00eda Especial sobre Derechos Econ\u00f3micos, Sociales, Culturales y Ambientales (REDESCA), convoc\u00f3 a los Estados miembros de la Organizaci\u00f3n de Estados Americanos (OEA), organizaciones civiles, instituciones acad\u00e9micas, entidades internacionales de derechos humanos y dem\u00e1s interesados, a participar activamente en la formulaci\u00f3n del Plan de Trabajo para el per\u00edodo 2024 &#8211; 2026. Dicha participaci\u00f3n se realiz\u00f3 mediante la cumplimentaci\u00f3n de un cuestionario en l\u00ednea, cuyas respuestas ser\u00e1n fundamentales para estructurar nuestras iniciativas y objetivos futuros.<\/p>\n\n\n\n<p>La consulta online buscaba recoger opiniones y sugerencias tanto de Estados miembros de la OEA como de entidades no gubernamentales, con el fin de optimizar la eficacia de la REDESCA en su labor.<\/p>\n<\/div>\n<\/div>\n\n\n\n<figure class=\"wp-block-gallery has-nested-images columns-default is-cropped wp-block-gallery-1 is-layout-flex wp-block-gallery-is-layout-flex\">\n<figure class=\"wp-block-image size-large\"><img loading=\"lazy\" decoding=\"async\" width=\"792\" height=\"496\" data-id=\"146\" src=\"https:\/\/pensandopoliticaspublicas.com.ar\/wp-content\/uploads\/2024\/02\/image-13.png\" alt=\"\" class=\"wp-image-146\"\/><\/figure>\n\n\n\n<figure class=\"wp-block-image size-large\"><img loading=\"lazy\" decoding=\"async\" width=\"850\" height=\"484\" data-id=\"147\" src=\"https:\/\/pensandopoliticaspublicas.com.ar\/wp-content\/uploads\/2024\/02\/image-14.png\" alt=\"\" class=\"wp-image-147\"\/><\/figure>\n<\/figure>\n","protected":false},"excerpt":{"rendered":"<p>La Comisi\u00f3n Interamericana de Derechos Humanos (CIDH), a trav\u00e9s de su Relator\u00eda Especial sobre Derechos Econ\u00f3micos, Sociales, Culturales y Ambientales (REDESCA), convoc\u00f3 a los Estados miembros de la Organizaci\u00f3n de Estados Americanos (OEA), organizaciones civiles, instituciones acad\u00e9micas, entidades internacionales de derechos humanos y dem\u00e1s interesados, a participar activamente en la formulaci\u00f3n del Plan de Trabajo [&hellip;]<\/p>\n","protected":false},"author":1,"featured_media":145,"comment_status":"open","ping_status":"open","sticky":false,"template":"","format":"standard","meta":{"_et_pb_use_builder":"off","_et_pb_old_content":"<!-- wp:columns -->\n<div class=\"wp-block-columns\"><!-- wp:column -->\n<div class=\"wp-block-column\"><!-- wp:image {\"id\":145,\"sizeSlug\":\"full\",\"linkDestination\":\"none\"} -->\n<figure class=\"wp-block-image size-full\"><img src=\"https:\/\/pensandopoliticaspublicas.com.ar\/wp-content\/uploads\/2024\/02\/image-12.png\" alt=\"\" class=\"wp-image-145\"\/><\/figure>\n<!-- \/wp:image --><\/div>\n<!-- \/wp:column -->\n\n<!-- wp:column -->\n<div class=\"wp-block-column\"><!-- wp:paragraph -->\n<p>La Comisi\u00f3n Interamericana de Derechos Humanos (CIDH), a trav\u00e9s de su Relator\u00eda Especial sobre Derechos Econ\u00f3micos, Sociales, Culturales y Ambientales (REDESCA), convoc\u00f3 a los Estados miembros de la Organizaci\u00f3n de Estados Americanos (OEA), organizaciones civiles, instituciones acad\u00e9micas, entidades internacionales de derechos humanos y dem\u00e1s interesados, a participar activamente en la formulaci\u00f3n del Plan de Trabajo para el per\u00edodo 2024 - 2026. Dicha participaci\u00f3n se realiz\u00f3 mediante la cumplimentaci\u00f3n de un cuestionario en l\u00ednea, cuyas respuestas ser\u00e1n fundamentales para estructurar nuestras iniciativas y objetivos futuros.<\/p>\n<!-- \/wp:paragraph -->\n\n<!-- wp:paragraph -->\n<p>La consulta online buscaba recoger opiniones y sugerencias tanto de Estados miembros de la OEA como de entidades no gubernamentales, con el fin de optimizar la eficacia de la REDESCA en su labor.<\/p>\n<!-- \/wp:paragraph --><\/div>\n<!-- \/wp:column --><\/div>\n<!-- \/wp:columns -->\n\n<!-- wp:gallery {\"linkTo\":\"none\"} -->\n<figure class=\"wp-block-gallery has-nested-images columns-default is-cropped\"><!-- wp:image {\"id\":146,\"sizeSlug\":\"large\",\"linkDestination\":\"none\"} -->\n<figure class=\"wp-block-image size-large\"><img src=\"https:\/\/pensandopoliticaspublicas.com.ar\/wp-content\/uploads\/2024\/02\/image-13.png\" alt=\"\" class=\"wp-image-146\"\/><\/figure>\n<!-- \/wp:image -->\n\n<!-- wp:image {\"id\":147,\"sizeSlug\":\"large\",\"linkDestination\":\"none\"} -->\n<figure class=\"wp-block-image size-large\"><img src=\"https:\/\/pensandopoliticaspublicas.com.ar\/wp-content\/uploads\/2024\/02\/image-14.png\" alt=\"\" class=\"wp-image-147\"\/><\/figure>\n<!-- \/wp:image --><\/figure>\n<!-- \/wp:gallery -->","_et_gb_content_width":"2880","footnotes":""},"categories":[1,8],"tags":[],"class_list":["post-144","post","type-post","status-publish","format-standard","has-post-thumbnail","hentry","category-novedades","category-proyectos"],"_links":{"self":[{"href":"https:\/\/pensandopoliticaspublicas.com.ar\/index.php\/wp-json\/wp\/v2\/posts\/144","targetHints":{"allow":["GET"]}}],"collection":[{"href":"https:\/\/pensandopoliticaspublicas.com.ar\/index.php\/wp-json\/wp\/v2\/posts"}],"about":[{"href":"https:\/\/pensandopoliticaspublicas.com.ar\/index.php\/wp-json\/wp\/v2\/types\/post"}],"author":[{"embeddable":true,"href":"https:\/\/pensandopoliticaspublicas.com.ar\/index.php\/wp-json\/wp\/v2\/users\/1"}],"replies":[{"embeddable":true,"href":"https:\/\/pensandopoliticaspublicas.com.ar\/index.php\/wp-json\/wp\/v2\/comments?post=144"}],"version-history":[{"count":4,"href":"https:\/\/pensandopoliticaspublicas.com.ar\/index.php\/wp-json\/wp\/v2\/posts\/144\/revisions"}],"predecessor-version":[{"id":255,"href":"https:\/\/pensandopoliticaspublicas.com.ar\/index.php\/wp-json\/wp\/v2\/posts\/144\/revisions\/255"}],"wp:featuredmedia":[{"embeddable":true,"href":"https:\/\/pensandopoliticaspublicas.com.ar\/index.php\/wp-json\/wp\/v2\/media\/145"}],"wp:attachment":[{"href":"https:\/\/pensandopoliticaspublicas.com.ar\/index.php\/wp-json\/wp\/v2\/media?parent=144"}],"wp:term":[{"taxonomy":"category","embeddable":true,"href":"https:\/\/pensandopoliticaspublicas.com.ar\/index.php\/wp-json\/wp\/v2\/categories?post=144"},{"taxonomy":"post_tag","embeddable":true,"href":"https:\/\/pensandopoliticaspublicas.com.ar\/index.php\/wp-json\/wp\/v2\/tags?post=144"}],"curies":[{"name":"wp","href":"https:\/\/api.w.org\/{rel}","templated":true}]}}