{"id":133,"date":"2024-02-22T12:36:18","date_gmt":"2024-02-22T12:36:18","guid":{"rendered":"https:\/\/pensandopoliticaspublicas.com.ar\/?p=133"},"modified":"2024-03-13T03:17:16","modified_gmt":"2024-03-13T03:17:16","slug":"mural-de-veteranos-de-guerra-de-malvinas-en-esteban-echeverria","status":"publish","type":"post","link":"https:\/\/pensandopoliticaspublicas.com.ar\/index.php\/2024\/02\/22\/mural-de-veteranos-de-guerra-de-malvinas-en-esteban-echeverria\/","title":{"rendered":"Mural de veteranos de guerra de Malvinas en Esteban Echeverria"},"content":{"rendered":"\n<p>Participamos y colaboramos en la inauguraci\u00f3n en Esteban Echeverr\u00eda una obra art\u00edstica para homenajear a los ex combatientes de la guerra de Malvinas, durante el a\u00f1o 2022\u00a0 cuando\u00a0 conmemora el 40\u00b0 aniversario. Formar\u00e1 parte del primer Museo de Arte Callejero a Cielo Abierto de la provincia de Buenos Aires (Mauca).<\/p>\n\n\n\n<p><\/p>\n\n\n\n<figure class=\"wp-block-image size-full\"><img loading=\"lazy\" decoding=\"async\" width=\"748\" height=\"498\" src=\"https:\/\/pensandopoliticaspublicas.com.ar\/wp-content\/uploads\/2024\/02\/image-7.png\" alt=\"\" class=\"wp-image-134\"\/><\/figure>\n\n\n\n<p>La iniciativa art\u00edstica, tuvo un espacio participativo para que el p\u00fablico pudiera&nbsp; poner su firma y formar parte activa del homenaje.<\/p>\n\n\n\n<p>Dicho mural fue una obra colaborativa realizada sobre un dise\u00f1o del reconocido artista local Julius Gonup, junto con Roberto Carabajal, ex combatiente. Tambi\u00e9n est\u00e1n colaborando los estudiantes del colegio Vicenta Vidal Bou: Chiara Recarte, Simone Carvalho y Mat\u00edas V\u00e1zquez.<\/p>\n\n\n\n<figure class=\"wp-block-image size-full\"><img loading=\"lazy\" decoding=\"async\" width=\"850\" height=\"1134\" src=\"https:\/\/pensandopoliticaspublicas.com.ar\/wp-content\/uploads\/2024\/02\/image-8.png\" alt=\"\" class=\"wp-image-135\"\/><\/figure>\n\n\n\n<figure class=\"wp-block-image size-full\"><img loading=\"lazy\" decoding=\"async\" width=\"850\" height=\"638\" src=\"https:\/\/pensandopoliticaspublicas.com.ar\/wp-content\/uploads\/2024\/02\/image-9.png\" alt=\"\" class=\"wp-image-136\"\/><\/figure>\n","protected":false},"excerpt":{"rendered":"<p>Participamos y colaboramos en la inauguraci\u00f3n en Esteban Echeverr\u00eda una obra art\u00edstica para homenajear a los ex combatientes de la guerra de Malvinas, durante el a\u00f1o 2022\u00a0 cuando\u00a0 conmemora el 40\u00b0 aniversario. Formar\u00e1 parte del primer Museo de Arte Callejero a Cielo Abierto de la provincia de Buenos Aires (Mauca). La iniciativa art\u00edstica, tuvo un [&hellip;]<\/p>\n","protected":false},"author":1,"featured_media":366,"comment_status":"open","ping_status":"open","sticky":false,"template":"","format":"standard","meta":{"_et_pb_use_builder":"off","_et_pb_old_content":"","_et_gb_content_width":"","footnotes":""},"categories":[1,8],"tags":[],"class_list":["post-133","post","type-post","status-publish","format-standard","has-post-thumbnail","hentry","category-novedades","category-proyectos"],"_links":{"self":[{"href":"https:\/\/pensandopoliticaspublicas.com.ar\/index.php\/wp-json\/wp\/v2\/posts\/133","targetHints":{"allow":["GET"]}}],"collection":[{"href":"https:\/\/pensandopoliticaspublicas.com.ar\/index.php\/wp-json\/wp\/v2\/posts"}],"about":[{"href":"https:\/\/pensandopoliticaspublicas.com.ar\/index.php\/wp-json\/wp\/v2\/types\/post"}],"author":[{"embeddable":true,"href":"https:\/\/pensandopoliticaspublicas.com.ar\/index.php\/wp-json\/wp\/v2\/users\/1"}],"replies":[{"embeddable":true,"href":"https:\/\/pensandopoliticaspublicas.com.ar\/index.php\/wp-json\/wp\/v2\/comments?post=133"}],"version-history":[{"count":1,"href":"https:\/\/pensandopoliticaspublicas.com.ar\/index.php\/wp-json\/wp\/v2\/posts\/133\/revisions"}],"predecessor-version":[{"id":137,"href":"https:\/\/pensandopoliticaspublicas.com.ar\/index.php\/wp-json\/wp\/v2\/posts\/133\/revisions\/137"}],"wp:featuredmedia":[{"embeddable":true,"href":"https:\/\/pensandopoliticaspublicas.com.ar\/index.php\/wp-json\/wp\/v2\/media\/366"}],"wp:attachment":[{"href":"https:\/\/pensandopoliticaspublicas.com.ar\/index.php\/wp-json\/wp\/v2\/media?parent=133"}],"wp:term":[{"taxonomy":"category","embeddable":true,"href":"https:\/\/pensandopoliticaspublicas.com.ar\/index.php\/wp-json\/wp\/v2\/categories?post=133"},{"taxonomy":"post_tag","embeddable":true,"href":"https:\/\/pensandopoliticaspublicas.com.ar\/index.php\/wp-json\/wp\/v2\/tags?post=133"}],"curies":[{"name":"wp","href":"https:\/\/api.w.org\/{rel}","templated":true}]}}