{"id":117,"date":"2024-02-22T12:27:38","date_gmt":"2024-02-22T12:27:38","guid":{"rendered":"https:\/\/pensandopoliticaspublicas.com.ar\/?p=117"},"modified":"2024-03-11T13:57:58","modified_gmt":"2024-03-11T13:57:58","slug":"corredor-de-las-infancias","status":"publish","type":"post","link":"https:\/\/pensandopoliticaspublicas.com.ar\/index.php\/2024\/02\/22\/corredor-de-las-infancias\/","title":{"rendered":"Corredor de las infancias."},"content":{"rendered":"<p>[et_pb_section fb_built=\u00bb1&#8243; _builder_version=\u00bb4.16&#8243; global_colors_info=\u00bb{}\u00bb][et_pb_row _builder_version=\u00bb4.16&#8243; background_size=\u00bbinitial\u00bb background_position=\u00bbtop_left\u00bb background_repeat=\u00bbrepeat\u00bb global_colors_info=\u00bb{}\u00bb][et_pb_column type=\u00bb4_4&#8243; _builder_version=\u00bb4.16&#8243; custom_padding=\u00bb|||\u00bb global_colors_info=\u00bb{}\u00bb custom_padding__hover=\u00bb|||\u00bb][et_pb_text _builder_version=\u00bb4.24.2&#8243; background_size=\u00bbinitial\u00bb background_position=\u00bbtop_left\u00bb background_repeat=\u00bbrepeat\u00bb global_colors_info=\u00bb{}\u00bb]<\/p>\n<p><!-- divi:paragraph -->Participamos y colaboramos de una iniciativa de autogesti\u00f3n, \u201cEl Corredor de las Infancias\u201d, que se desarrolla desde el a\u00f1o 2018 en la Ciudad de La Plata.\u00a0 Esta actividad busca la participaci\u00f3n y convivencia para la reivindicaci\u00f3n de los espacios p\u00fablicos como lugares leg\u00edtimos para el encuentro, el intercambio y el juego.<\/p>\n<p><!-- \/divi:paragraph --><\/p>\n<p><!-- divi:paragraph -->En la organizaci\u00f3n del \u201cCorredor\u201d participan distintas organizaciones p\u00fablicas y privadas, como as\u00ed tambi\u00e9n particulares y profesionales especialistas en temas de infancia. Todos est\u00e1n comprometidos en trabajar en pos del cumplimiento pleno de la Convenci\u00f3n sobre los Derechos del Ni\u00f1o (CDN)<\/p>\n<p><!-- \/divi:paragraph --><\/p>\n<p><!-- divi:columns --><\/p>\n<div class=\"wp-block-columns\">\n<p><!-- divi:column {\"width\":\"100%\"} --><\/p>\n<div class=\"wp-block-column\" style=\"flex-basis: 100%;\">\n<p><!-- divi:gallery {\"linkTo\":\"none\"} --><\/p>\n<figure class=\"wp-block-gallery has-nested-images columns-default is-cropped\"><!-- divi:image {\"id\":119,\"sizeSlug\":\"large\",\"linkDestination\":\"none\"} --><\/p>\n<figure class=\"wp-block-image size-large\"><img loading=\"lazy\" decoding=\"async\" width=\"686\" height=\"448\" src=\"https:\/\/pensandopoliticaspublicas.com.ar\/wp-content\/uploads\/2024\/02\/image-1.png\" alt=\"\" class=\"wp-image-119\" \/><\/figure>\n<p><!-- \/divi:image --><\/p>\n<p><!-- divi:image {\"id\":118,\"sizeSlug\":\"large\",\"linkDestination\":\"none\"} --><\/p>\n<figure class=\"wp-block-image size-large\"><img loading=\"lazy\" decoding=\"async\" width=\"664\" height=\"498\" src=\"https:\/\/pensandopoliticaspublicas.com.ar\/wp-content\/uploads\/2024\/02\/image.png\" alt=\"\" class=\"wp-image-118\" \/><\/figure>\n<p><!-- \/divi:image --><\/p>\n<\/figure>\n<p><!-- \/divi:gallery --><\/p>\n<\/div>\n<p><!-- \/divi:column --><\/p>\n<\/div>\n<p><!-- \/divi:columns --><\/p>\n<p><!-- divi:image {\"id\":120,\"sizeSlug\":\"full\",\"linkDestination\":\"none\"} --><\/p>\n<figure class=\"wp-block-image size-full\"><img loading=\"lazy\" decoding=\"async\" width=\"850\" height=\"460\" src=\"https:\/\/pensandopoliticaspublicas.com.ar\/wp-content\/uploads\/2024\/02\/image-2.png\" alt=\"\" class=\"wp-image-120\" \/><\/figure>\n<p><!-- \/divi:image --><\/p>\n<p>[\/et_pb_text][\/et_pb_column][\/et_pb_row][\/et_pb_section]<\/p>\n","protected":false},"excerpt":{"rendered":"<p>Participamos y colaboramos de una iniciativa de autogesti\u00f3n, \u201cEl Corredor de las Infancias\u201d, que se desarrolla desde el a\u00f1o 2018 en la Ciudad de La Plata.\u00a0 Esta actividad busca la participaci\u00f3n y convivencia para la reivindicaci\u00f3n de los espacios p\u00fablicos como lugares leg\u00edtimos para el encuentro, el intercambio y el juego. En la organizaci\u00f3n del [&hellip;]<\/p>\n","protected":false},"author":1,"featured_media":121,"comment_status":"open","ping_status":"open","sticky":false,"template":"","format":"standard","meta":{"_et_pb_use_builder":"on","_et_pb_old_content":"<!-- wp:paragraph -->\n<p>Participamos y colaboramos de una iniciativa de autogesti\u00f3n, \u201cEl Corredor de las Infancias\u201d, que se desarrolla desde el a\u00f1o 2018 en la Ciudad de La Plata.&nbsp; Esta actividad busca la participaci\u00f3n y convivencia para la reivindicaci\u00f3n de los espacios p\u00fablicos como lugares leg\u00edtimos para el encuentro, el intercambio y el juego.<\/p>\n<!-- \/wp:paragraph -->\n\n<!-- wp:paragraph -->\n<p>En la organizaci\u00f3n del \u201cCorredor\u201d participan distintas organizaciones p\u00fablicas y privadas, como as\u00ed tambi\u00e9n particulares y profesionales especialistas en temas de infancia. Todos est\u00e1n comprometidos en trabajar en pos del cumplimiento pleno de la Convenci\u00f3n sobre los Derechos del Ni\u00f1o (CDN)<\/p>\n<!-- \/wp:paragraph -->\n\n<!-- wp:columns -->\n<div class=\"wp-block-columns\"><!-- wp:column {\"width\":\"100%\"} -->\n<div class=\"wp-block-column\" style=\"flex-basis:100%\"><!-- wp:gallery {\"linkTo\":\"none\"} -->\n<figure class=\"wp-block-gallery has-nested-images columns-default is-cropped\"><!-- wp:image {\"id\":119,\"sizeSlug\":\"large\",\"linkDestination\":\"none\"} -->\n<figure class=\"wp-block-image size-large\"><img src=\"https:\/\/pensandopoliticaspublicas.com.ar\/wp-content\/uploads\/2024\/02\/image-1.png\" alt=\"\" class=\"wp-image-119\"\/><\/figure>\n<!-- \/wp:image -->\n\n<!-- wp:image {\"id\":118,\"sizeSlug\":\"large\",\"linkDestination\":\"none\"} -->\n<figure class=\"wp-block-image size-large\"><img src=\"https:\/\/pensandopoliticaspublicas.com.ar\/wp-content\/uploads\/2024\/02\/image.png\" alt=\"\" class=\"wp-image-118\"\/><\/figure>\n<!-- \/wp:image --><\/figure>\n<!-- \/wp:gallery --><\/div>\n<!-- \/wp:column --><\/div>\n<!-- \/wp:columns -->\n\n<!-- wp:image {\"id\":120,\"sizeSlug\":\"full\",\"linkDestination\":\"none\"} -->\n<figure class=\"wp-block-image size-full\"><img src=\"https:\/\/pensandopoliticaspublicas.com.ar\/wp-content\/uploads\/2024\/02\/image-2.png\" alt=\"\" class=\"wp-image-120\"\/><\/figure>\n<!-- \/wp:image -->","_et_gb_content_width":"","footnotes":""},"categories":[10,1],"tags":[],"class_list":["post-117","post","type-post","status-publish","format-standard","has-post-thumbnail","hentry","category-acciones","category-novedades"],"_links":{"self":[{"href":"https:\/\/pensandopoliticaspublicas.com.ar\/index.php\/wp-json\/wp\/v2\/posts\/117","targetHints":{"allow":["GET"]}}],"collection":[{"href":"https:\/\/pensandopoliticaspublicas.com.ar\/index.php\/wp-json\/wp\/v2\/posts"}],"about":[{"href":"https:\/\/pensandopoliticaspublicas.com.ar\/index.php\/wp-json\/wp\/v2\/types\/post"}],"author":[{"embeddable":true,"href":"https:\/\/pensandopoliticaspublicas.com.ar\/index.php\/wp-json\/wp\/v2\/users\/1"}],"replies":[{"embeddable":true,"href":"https:\/\/pensandopoliticaspublicas.com.ar\/index.php\/wp-json\/wp\/v2\/comments?post=117"}],"version-history":[{"count":4,"href":"https:\/\/pensandopoliticaspublicas.com.ar\/index.php\/wp-json\/wp\/v2\/posts\/117\/revisions"}],"predecessor-version":[{"id":304,"href":"https:\/\/pensandopoliticaspublicas.com.ar\/index.php\/wp-json\/wp\/v2\/posts\/117\/revisions\/304"}],"wp:featuredmedia":[{"embeddable":true,"href":"https:\/\/pensandopoliticaspublicas.com.ar\/index.php\/wp-json\/wp\/v2\/media\/121"}],"wp:attachment":[{"href":"https:\/\/pensandopoliticaspublicas.com.ar\/index.php\/wp-json\/wp\/v2\/media?parent=117"}],"wp:term":[{"taxonomy":"category","embeddable":true,"href":"https:\/\/pensandopoliticaspublicas.com.ar\/index.php\/wp-json\/wp\/v2\/categories?post=117"},{"taxonomy":"post_tag","embeddable":true,"href":"https:\/\/pensandopoliticaspublicas.com.ar\/index.php\/wp-json\/wp\/v2\/tags?post=117"}],"curies":[{"name":"wp","href":"https:\/\/api.w.org\/{rel}","templated":true}]}}